{"id":436,"date":"2026-03-25T01:44:42","date_gmt":"2026-03-25T01:44:42","guid":{"rendered":"https:\/\/test.solutapro.cl\/?p=436"},"modified":"2026-03-25T01:44:42","modified_gmt":"2026-03-25T01:44:42","slug":"que-hacer-en-caso-de-migrana-guia-practica-y-efectiva","status":"publish","type":"post","link":"https:\/\/test.solutapro.cl\/?p=436","title":{"rendered":"Qu\u00e9 hacer en caso de migra\u00f1a: gu\u00eda pr\u00e1ctica y efectiva"},"content":{"rendered":"<p>[et_pb_section fb_built=\u00bb1&#8243; theme_builder_area=\u00bbpost_content\u00bb _builder_version=\u00bb4.27.4&#8243; _module_preset=\u00bbdefault\u00bb][et_pb_row _builder_version=\u00bb4.27.4&#8243; _module_preset=\u00bbdefault\u00bb theme_builder_area=\u00bbpost_content\u00bb][et_pb_column _builder_version=\u00bb4.27.4&#8243; _module_preset=\u00bbdefault\u00bb type=\u00bb4_4&#8243; theme_builder_area=\u00bbpost_content\u00bb][et_pb_text _builder_version=\u00bb4.27.4&#8243; _module_preset=\u00bbdefault\u00bb theme_builder_area=\u00bbpost_content\u00bb hover_enabled=\u00bb0&#8243; sticky_enabled=\u00bb0&#8243;]<\/p>\n<p>La migra\u00f1a es un trastorno neurol\u00f3gico que va mucho m\u00e1s all\u00e1 de un simple dolor de cabeza. Se caracteriza por episodios de dolor intenso, generalmente puls\u00e1til, que pueden estar acompa\u00f1ados de n\u00e1useas, v\u00f3mitos y una alta sensibilidad a la luz y al sonido. En algunos casos, incluso aparecen alteraciones visuales previas conocidas como aura. Saber c\u00f3mo actuar de manera oportuna puede reducir significativamente la intensidad del episodio y acortar su duraci\u00f3n.<\/p>\n<p data-start=\"505\" data-end=\"982\">Uno de los aspectos m\u00e1s importantes en el manejo de la migra\u00f1a es reconocer las se\u00f1ales tempranas. Muchas veces el dolor no aparece de inmediato, sino que el cuerpo da avisos previos como visi\u00f3n borrosa, luces intermitentes, hormigueo en el rostro o las manos, cansancio repentino o cambios en el estado de \u00e1nimo. Detectar estos signos permite actuar antes de que el dolor alcance su punto m\u00e1ximo, lo que mejora considerablemente la efectividad de cualquier medida que se tome.<\/p>\n<p data-start=\"984\" data-end=\"1525\">En cuanto al tratamiento, la rapidez es clave. Los analg\u00e9sicos comunes como el paracetamol o el ibuprofeno pueden ser efectivos si se administran a tiempo, mientras que en casos m\u00e1s espec\u00edficos se utilizan medicamentos como los triptanes, siempre bajo indicaci\u00f3n m\u00e9dica. Un error frecuente es esperar a que el dolor sea muy intenso para medicarse, lo que reduce la eficacia del tratamiento. Tambi\u00e9n es importante evitar el uso excesivo de medicamentos, ya que esto puede provocar cefaleas por rebote y empeorar el problema en el largo plazo.<\/p>\n<p data-start=\"1529\" data-end=\"1884\">El entorno juega un rol fundamental durante un episodio. Lo m\u00e1s recomendable es aislarse en un lugar oscuro, silencioso y tranquilo, evitando pantallas y est\u00edmulos que puedan intensificar los s\u00edntomas. Muchas personas encuentran alivio al dormir o simplemente descansar en estas condiciones, ya que se reduce la sobrecarga sensorial que agrava la migra\u00f1a.<\/p>\n<p data-start=\"1886\" data-end=\"2254\">Otro recurso \u00fatil es la aplicaci\u00f3n de fr\u00edo o calor en la zona afectada. Las compresas fr\u00edas en la frente o en el cuello suelen ser m\u00e1s efectivas para la mayor\u00eda de las personas, aunque algunas prefieren el calor en la zona cervical. No existe una regla universal, por lo que es recomendable probar ambas alternativas y determinar cu\u00e1l genera mayor alivio en cada caso.<\/p>\n<p data-start=\"2298\" data-end=\"2647\">La hidrataci\u00f3n tambi\u00e9n es un factor relevante. La deshidrataci\u00f3n puede actuar como desencadenante o empeorar el cuadro, por lo que beber agua es una medida simple pero efectiva. Adem\u00e1s, se recomienda evitar el consumo de alcohol y mantener un consumo de cafe\u00edna estable, ya que cambios bruscos en su ingesta pueden influir en la aparici\u00f3n de crisis.<\/p>\n<p data-start=\"2649\" data-end=\"2976\">Existen tambi\u00e9n t\u00e9cnicas complementarias que pueden ayudar a disminuir la intensidad del episodio, como ejercicios de respiraci\u00f3n profunda, masajes suaves en las sienes o en la zona del cuello, y la reducci\u00f3n de cualquier actividad f\u00edsica exigente. Estas medidas no reemplazan el tratamiento, pero pueden potenciar sus efectos.<\/p>\n<p data-start=\"2978\" data-end=\"3437\">Es importante considerar que no todas las migra\u00f1as deben manejarse de forma casera. Se recomienda consultar a un profesional de la salud si se trata del primer episodio severo, si el dolor es distinto a lo habitual, si dura m\u00e1s de 72 horas o si se acompa\u00f1a de s\u00edntomas como fiebre, rigidez de cuello o alteraciones cognitivas. Tambi\u00e9n es necesario evaluar atenci\u00f3n m\u00e9dica cuando los episodios son frecuentes, ya que puede requerirse un tratamiento preventivo.<\/p>\n<p data-start=\"3439\" data-end=\"3982\">Desde una mirada m\u00e1s estrat\u00e9gica, la migra\u00f1a no deber\u00eda abordarse solo cuando aparece el dolor. Si los episodios son recurrentes, es fundamental identificar los factores desencadenantes, como el estr\u00e9s, la falta de sue\u00f1o, ciertos alimentos o la exposici\u00f3n prolongada a pantallas. Llevar un registro de los episodios puede ser una herramienta clave para detectar patrones y tomar decisiones m\u00e1s informadas. En estos casos, el manejo preventivo y los ajustes en el estilo de vida suelen ser tan importantes como el tratamiento durante la crisis.<\/p>\n<p data-start=\"3984\" data-end=\"4279\" data-is-last-node=\"\" data-is-only-node=\"\">En s\u00edntesis, la clave para manejar una migra\u00f1a de forma efectiva est\u00e1 en la anticipaci\u00f3n, la rapidez en la acci\u00f3n y la comprensi\u00f3n de los propios gatillantes. No se trata solo de aliviar el dolor, sino de reducir su impacto en la calidad de vida a trav\u00e9s de un enfoque m\u00e1s integral y consciente.<\/p>\n<p>[\/et_pb_text][\/et_pb_column][\/et_pb_row][\/et_pb_section]<\/p>\n","protected":false},"excerpt":{"rendered":"<p>La migra\u00f1a es un trastorno neurol\u00f3gico que va mucho m\u00e1s all\u00e1 de un simple dolor de cabeza. Se caracteriza por episodios de dolor intenso, generalmente puls\u00e1til, que pueden estar acompa\u00f1ados de n\u00e1useas, v\u00f3mitos y una alta sensibilidad a la luz y al sonido. En algunos casos, incluso aparecen alteraciones visuales previas conocidas como aura. Saber [&hellip;]<\/p>\n","protected":false},"author":1,"featured_media":0,"comment_status":"open","ping_status":"closed","sticky":false,"template":"","format":"standard","meta":{"_et_pb_use_builder":"on","_et_pb_old_content":"","_et_gb_content_width":"","_jetpack_memberships_contains_paid_content":false,"footnotes":""},"categories":[1],"tags":[],"class_list":["post-436","post","type-post","status-publish","format-standard","hentry","category-uncategorized"],"yoast_head":"<!-- This site is optimized with the Yoast SEO plugin v27.4 - https:\/\/yoast.com\/product\/yoast-seo-wordpress\/ -->\n<title>Qu\u00e9 hacer en caso de migra\u00f1a: gu\u00eda pr\u00e1ctica y efectiva - Test<\/title>\n<meta name=\"robots\" content=\"noindex, follow, max-snippet:-1, max-image-preview:large, max-video-preview:-1\" \/>\n<meta property=\"og:locale\" content=\"es_ES\" \/>\n<meta property=\"og:type\" content=\"article\" \/>\n<meta property=\"og:title\" content=\"Qu\u00e9 hacer en caso de migra\u00f1a: gu\u00eda pr\u00e1ctica y efectiva - Test\" \/>\n<meta property=\"og:description\" content=\"La migra\u00f1a es un trastorno neurol\u00f3gico que va mucho m\u00e1s all\u00e1 de un simple dolor de cabeza. Se caracteriza por episodios de dolor intenso, generalmente puls\u00e1til, que pueden estar acompa\u00f1ados de n\u00e1useas, v\u00f3mitos y una alta sensibilidad a la luz y al sonido. En algunos casos, incluso aparecen alteraciones visuales previas conocidas como aura. Saber [&hellip;]\" \/>\n<meta property=\"og:url\" content=\"https:\/\/test.solutapro.cl\/?p=436\" \/>\n<meta property=\"og:site_name\" content=\"Test\" \/>\n<meta property=\"article:published_time\" content=\"2026-03-25T01:44:42+00:00\" \/>\n<meta name=\"author\" content=\"Dr. Lagos\" \/>\n<meta name=\"twitter:card\" content=\"summary_large_image\" \/>\n<meta name=\"twitter:label1\" content=\"Escrito por\" \/>\n\t<meta name=\"twitter:data1\" content=\"Dr. Lagos\" \/>\n<script type=\"application\/ld+json\" class=\"yoast-schema-graph\">{\"@context\":\"https:\\\/\\\/schema.org\",\"@graph\":[{\"@type\":\"Article\",\"@id\":\"https:\\\/\\\/test.solutapro.cl\\\/?p=436#article\",\"isPartOf\":{\"@id\":\"https:\\\/\\\/test.solutapro.cl\\\/?p=436\"},\"author\":{\"name\":\"Dr. Lagos\",\"@id\":\"https:\\\/\\\/test.solutapro.cl\\\/#\\\/schema\\\/person\\\/8fcd66956e029916481ca15d363bb42e\"},\"headline\":\"Qu\u00e9 hacer en caso de migra\u00f1a: gu\u00eda pr\u00e1ctica y efectiva\",\"datePublished\":\"2026-03-25T01:44:42+00:00\",\"mainEntityOfPage\":{\"@id\":\"https:\\\/\\\/test.solutapro.cl\\\/?p=436\"},\"wordCount\":819,\"commentCount\":0,\"publisher\":{\"@id\":\"https:\\\/\\\/test.solutapro.cl\\\/#organization\"},\"articleSection\":[\"Uncategorized\"],\"inLanguage\":\"es\",\"potentialAction\":[{\"@type\":\"CommentAction\",\"name\":\"Comment\",\"target\":[\"https:\\\/\\\/test.solutapro.cl\\\/?p=436#respond\"]}]},{\"@type\":\"WebPage\",\"@id\":\"https:\\\/\\\/test.solutapro.cl\\\/?p=436\",\"url\":\"https:\\\/\\\/test.solutapro.cl\\\/?p=436\",\"name\":\"Qu\u00e9 hacer en caso de migra\u00f1a: gu\u00eda pr\u00e1ctica y efectiva - Test\",\"isPartOf\":{\"@id\":\"https:\\\/\\\/test.solutapro.cl\\\/#website\"},\"datePublished\":\"2026-03-25T01:44:42+00:00\",\"breadcrumb\":{\"@id\":\"https:\\\/\\\/test.solutapro.cl\\\/?p=436#breadcrumb\"},\"inLanguage\":\"es\",\"potentialAction\":[{\"@type\":\"ReadAction\",\"target\":[\"https:\\\/\\\/test.solutapro.cl\\\/?p=436\"]}]},{\"@type\":\"BreadcrumbList\",\"@id\":\"https:\\\/\\\/test.solutapro.cl\\\/?p=436#breadcrumb\",\"itemListElement\":[{\"@type\":\"ListItem\",\"position\":1,\"name\":\"Portada\",\"item\":\"https:\\\/\\\/test.solutapro.cl\\\/\"},{\"@type\":\"ListItem\",\"position\":2,\"name\":\"Qu\u00e9 hacer en caso de migra\u00f1a: gu\u00eda pr\u00e1ctica y efectiva\"}]},{\"@type\":\"WebSite\",\"@id\":\"https:\\\/\\\/test.solutapro.cl\\\/#website\",\"url\":\"https:\\\/\\\/test.solutapro.cl\\\/\",\"name\":\"Test\",\"description\":\"DR LAGOS\",\"publisher\":{\"@id\":\"https:\\\/\\\/test.solutapro.cl\\\/#organization\"},\"potentialAction\":[{\"@type\":\"SearchAction\",\"target\":{\"@type\":\"EntryPoint\",\"urlTemplate\":\"https:\\\/\\\/test.solutapro.cl\\\/?s={search_term_string}\"},\"query-input\":{\"@type\":\"PropertyValueSpecification\",\"valueRequired\":true,\"valueName\":\"search_term_string\"}}],\"inLanguage\":\"es\"},{\"@type\":\"Organization\",\"@id\":\"https:\\\/\\\/test.solutapro.cl\\\/#organization\",\"name\":\"Test\",\"url\":\"https:\\\/\\\/test.solutapro.cl\\\/\",\"logo\":{\"@type\":\"ImageObject\",\"inLanguage\":\"es\",\"@id\":\"https:\\\/\\\/test.solutapro.cl\\\/#\\\/schema\\\/logo\\\/image\\\/\",\"url\":\"https:\\\/\\\/test.solutapro.cl\\\/wp-content\\\/uploads\\\/2025\\\/09\\\/cropped-ChatGPT-Image-17-sept-2025-18_01_24.png\",\"contentUrl\":\"https:\\\/\\\/test.solutapro.cl\\\/wp-content\\\/uploads\\\/2025\\\/09\\\/cropped-ChatGPT-Image-17-sept-2025-18_01_24.png\",\"width\":1023,\"height\":342,\"caption\":\"Test\"},\"image\":{\"@id\":\"https:\\\/\\\/test.solutapro.cl\\\/#\\\/schema\\\/logo\\\/image\\\/\"}},{\"@type\":\"Person\",\"@id\":\"https:\\\/\\\/test.solutapro.cl\\\/#\\\/schema\\\/person\\\/8fcd66956e029916481ca15d363bb42e\",\"name\":\"Dr. Lagos\",\"image\":{\"@type\":\"ImageObject\",\"inLanguage\":\"es\",\"@id\":\"https:\\\/\\\/secure.gravatar.com\\\/avatar\\\/30bdc1ebae2d814ba558c52b522fddeed325bbdf6dfc09cd3f64feb28cb2e8f1?s=96&d=mm&r=g\",\"url\":\"https:\\\/\\\/secure.gravatar.com\\\/avatar\\\/30bdc1ebae2d814ba558c52b522fddeed325bbdf6dfc09cd3f64feb28cb2e8f1?s=96&d=mm&r=g\",\"contentUrl\":\"https:\\\/\\\/secure.gravatar.com\\\/avatar\\\/30bdc1ebae2d814ba558c52b522fddeed325bbdf6dfc09cd3f64feb28cb2e8f1?s=96&d=mm&r=g\",\"caption\":\"Dr. Lagos\"},\"sameAs\":[\"https:\\\/\\\/test.solutapro.cl\"],\"url\":\"https:\\\/\\\/test.solutapro.cl\\\/?author=1\"}]}<\/script>\n<!-- \/ Yoast SEO plugin. -->","yoast_head_json":{"title":"Qu\u00e9 hacer en caso de migra\u00f1a: gu\u00eda pr\u00e1ctica y efectiva - Test","robots":{"index":"noindex","follow":"follow","max-snippet":"max-snippet:-1","max-image-preview":"max-image-preview:large","max-video-preview":"max-video-preview:-1"},"og_locale":"es_ES","og_type":"article","og_title":"Qu\u00e9 hacer en caso de migra\u00f1a: gu\u00eda pr\u00e1ctica y efectiva - Test","og_description":"La migra\u00f1a es un trastorno neurol\u00f3gico que va mucho m\u00e1s all\u00e1 de un simple dolor de cabeza. Se caracteriza por episodios de dolor intenso, generalmente puls\u00e1til, que pueden estar acompa\u00f1ados de n\u00e1useas, v\u00f3mitos y una alta sensibilidad a la luz y al sonido. En algunos casos, incluso aparecen alteraciones visuales previas conocidas como aura. Saber [&hellip;]","og_url":"https:\/\/test.solutapro.cl\/?p=436","og_site_name":"Test","article_published_time":"2026-03-25T01:44:42+00:00","author":"Dr. Lagos","twitter_card":"summary_large_image","twitter_misc":{"Escrito por":"Dr. Lagos"},"schema":{"@context":"https:\/\/schema.org","@graph":[{"@type":"Article","@id":"https:\/\/test.solutapro.cl\/?p=436#article","isPartOf":{"@id":"https:\/\/test.solutapro.cl\/?p=436"},"author":{"name":"Dr. Lagos","@id":"https:\/\/test.solutapro.cl\/#\/schema\/person\/8fcd66956e029916481ca15d363bb42e"},"headline":"Qu\u00e9 hacer en caso de migra\u00f1a: gu\u00eda pr\u00e1ctica y efectiva","datePublished":"2026-03-25T01:44:42+00:00","mainEntityOfPage":{"@id":"https:\/\/test.solutapro.cl\/?p=436"},"wordCount":819,"commentCount":0,"publisher":{"@id":"https:\/\/test.solutapro.cl\/#organization"},"articleSection":["Uncategorized"],"inLanguage":"es","potentialAction":[{"@type":"CommentAction","name":"Comment","target":["https:\/\/test.solutapro.cl\/?p=436#respond"]}]},{"@type":"WebPage","@id":"https:\/\/test.solutapro.cl\/?p=436","url":"https:\/\/test.solutapro.cl\/?p=436","name":"Qu\u00e9 hacer en caso de migra\u00f1a: gu\u00eda pr\u00e1ctica y efectiva - Test","isPartOf":{"@id":"https:\/\/test.solutapro.cl\/#website"},"datePublished":"2026-03-25T01:44:42+00:00","breadcrumb":{"@id":"https:\/\/test.solutapro.cl\/?p=436#breadcrumb"},"inLanguage":"es","potentialAction":[{"@type":"ReadAction","target":["https:\/\/test.solutapro.cl\/?p=436"]}]},{"@type":"BreadcrumbList","@id":"https:\/\/test.solutapro.cl\/?p=436#breadcrumb","itemListElement":[{"@type":"ListItem","position":1,"name":"Portada","item":"https:\/\/test.solutapro.cl\/"},{"@type":"ListItem","position":2,"name":"Qu\u00e9 hacer en caso de migra\u00f1a: gu\u00eda pr\u00e1ctica y efectiva"}]},{"@type":"WebSite","@id":"https:\/\/test.solutapro.cl\/#website","url":"https:\/\/test.solutapro.cl\/","name":"Test","description":"DR LAGOS","publisher":{"@id":"https:\/\/test.solutapro.cl\/#organization"},"potentialAction":[{"@type":"SearchAction","target":{"@type":"EntryPoint","urlTemplate":"https:\/\/test.solutapro.cl\/?s={search_term_string}"},"query-input":{"@type":"PropertyValueSpecification","valueRequired":true,"valueName":"search_term_string"}}],"inLanguage":"es"},{"@type":"Organization","@id":"https:\/\/test.solutapro.cl\/#organization","name":"Test","url":"https:\/\/test.solutapro.cl\/","logo":{"@type":"ImageObject","inLanguage":"es","@id":"https:\/\/test.solutapro.cl\/#\/schema\/logo\/image\/","url":"https:\/\/test.solutapro.cl\/wp-content\/uploads\/2025\/09\/cropped-ChatGPT-Image-17-sept-2025-18_01_24.png","contentUrl":"https:\/\/test.solutapro.cl\/wp-content\/uploads\/2025\/09\/cropped-ChatGPT-Image-17-sept-2025-18_01_24.png","width":1023,"height":342,"caption":"Test"},"image":{"@id":"https:\/\/test.solutapro.cl\/#\/schema\/logo\/image\/"}},{"@type":"Person","@id":"https:\/\/test.solutapro.cl\/#\/schema\/person\/8fcd66956e029916481ca15d363bb42e","name":"Dr. Lagos","image":{"@type":"ImageObject","inLanguage":"es","@id":"https:\/\/secure.gravatar.com\/avatar\/30bdc1ebae2d814ba558c52b522fddeed325bbdf6dfc09cd3f64feb28cb2e8f1?s=96&d=mm&r=g","url":"https:\/\/secure.gravatar.com\/avatar\/30bdc1ebae2d814ba558c52b522fddeed325bbdf6dfc09cd3f64feb28cb2e8f1?s=96&d=mm&r=g","contentUrl":"https:\/\/secure.gravatar.com\/avatar\/30bdc1ebae2d814ba558c52b522fddeed325bbdf6dfc09cd3f64feb28cb2e8f1?s=96&d=mm&r=g","caption":"Dr. Lagos"},"sameAs":["https:\/\/test.solutapro.cl"],"url":"https:\/\/test.solutapro.cl\/?author=1"}]}},"jetpack_featured_media_url":"","jetpack_sharing_enabled":true,"_links":{"self":[{"href":"https:\/\/test.solutapro.cl\/index.php?rest_route=\/wp\/v2\/posts\/436","targetHints":{"allow":["GET"]}}],"collection":[{"href":"https:\/\/test.solutapro.cl\/index.php?rest_route=\/wp\/v2\/posts"}],"about":[{"href":"https:\/\/test.solutapro.cl\/index.php?rest_route=\/wp\/v2\/types\/post"}],"author":[{"embeddable":true,"href":"https:\/\/test.solutapro.cl\/index.php?rest_route=\/wp\/v2\/users\/1"}],"replies":[{"embeddable":true,"href":"https:\/\/test.solutapro.cl\/index.php?rest_route=%2Fwp%2Fv2%2Fcomments&post=436"}],"version-history":[{"count":2,"href":"https:\/\/test.solutapro.cl\/index.php?rest_route=\/wp\/v2\/posts\/436\/revisions"}],"predecessor-version":[{"id":438,"href":"https:\/\/test.solutapro.cl\/index.php?rest_route=\/wp\/v2\/posts\/436\/revisions\/438"}],"wp:attachment":[{"href":"https:\/\/test.solutapro.cl\/index.php?rest_route=%2Fwp%2Fv2%2Fmedia&parent=436"}],"wp:term":[{"taxonomy":"category","embeddable":true,"href":"https:\/\/test.solutapro.cl\/index.php?rest_route=%2Fwp%2Fv2%2Fcategories&post=436"},{"taxonomy":"post_tag","embeddable":true,"href":"https:\/\/test.solutapro.cl\/index.php?rest_route=%2Fwp%2Fv2%2Ftags&post=436"}],"curies":[{"name":"wp","href":"https:\/\/api.w.org\/{rel}","templated":true}]}}